{"id":72,"date":"2013-11-05T13:46:47","date_gmt":"2013-11-05T11:46:47","guid":{"rendered":"http:\/\/zwischendrin.ch\/home\/stadtgestalten\/?p=72"},"modified":"2014-02-17T11:38:55","modified_gmt":"2014-02-17T09:38:55","slug":"141113-langstrassenquartier","status":"publish","type":"post","link":"https:\/\/zwischendrin.ch\/home\/stadtgestalten\/2013\/11\/05\/141113-langstrassenquartier\/","title":{"rendered":"14\/11\/13 LANGSTRASSE"},"content":{"rendered":"\n<p>Quartierrundgang durch Zobeide-Z\u00fcrich von <a title=\"STADTGESTALTEN ist\u2026\" href=\"http:\/\/zwischendrin.ch\/home\/stadtgestalten\/stadtgestalten-sind\/\">Amanda Unger<\/a> \u00a0und <a title=\"STADTGESTALTEN ist\u2026\" href=\"http:\/\/zwischendrin.ch\/home\/stadtgestalten\/stadtgestalten-sind\/\" target=\"_blank\">Bettina Riedrich<\/a> im Rahmen von <a href=\"http:\/\/www.invisible-zurichs.ch\/event\/details\/zobeide-die-stadte-und-der-wunsch\/\" target=\"_blank\">Invisible Zurichs<\/a><\/p>\n<p>Datum: 14. November 2013<\/p>\n<p>Treffpunkt: 19:00 Uhr S\u00fcdb\u00fchne Gessnerallee (Erz\u00e4hlabend Oliver Zenklusen, Beginn Spaziergang: ca. 20:00 Uhr)<\/p>\n<p>Dauer: ca. 1 Stunde<\/p>\n<p>Kosten: Kollekte<\/p>\n","protected":false},"excerpt":{"rendered":"<p>Quartierrundgang durch Zobeide-Z\u00fcrich von Amanda Unger \u00a0und Bettina Riedrich im Rahmen von Invisible Zurichs Datum: 14. November 2013 Treffpunkt: 19:00 Uhr S\u00fcdb\u00fchne Gessnerallee (Erz\u00e4hlabend Oliver Zenklusen, Beginn Spaziergang: ca. 20:00 Uhr) Dauer: ca. 1 Stunde Kosten: Kollekte<\/p>\n","protected":false},"author":2,"featured_media":0,"comment_status":"closed","ping_status":"open","sticky":false,"template":"","format":"gallery","meta":{"footnotes":""},"categories":[1,15],"tags":[8,9,5,4,10],"_links":{"self":[{"href":"https:\/\/zwischendrin.ch\/home\/stadtgestalten\/wp-json\/wp\/v2\/posts\/72"}],"collection":[{"href":"https:\/\/zwischendrin.ch\/home\/stadtgestalten\/wp-json\/wp\/v2\/posts"}],"about":[{"href":"https:\/\/zwischendrin.ch\/home\/stadtgestalten\/wp-json\/wp\/v2\/types\/post"}],"author":[{"embeddable":true,"href":"https:\/\/zwischendrin.ch\/home\/stadtgestalten\/wp-json\/wp\/v2\/users\/2"}],"replies":[{"embeddable":true,"href":"https:\/\/zwischendrin.ch\/home\/stadtgestalten\/wp-json\/wp\/v2\/comments?post=72"}],"version-history":[{"count":5,"href":"https:\/\/zwischendrin.ch\/home\/stadtgestalten\/wp-json\/wp\/v2\/posts\/72\/revisions"}],"predecessor-version":[{"id":138,"href":"https:\/\/zwischendrin.ch\/home\/stadtgestalten\/wp-json\/wp\/v2\/posts\/72\/revisions\/138"}],"wp:attachment":[{"href":"https:\/\/zwischendrin.ch\/home\/stadtgestalten\/wp-json\/wp\/v2\/media?parent=72"}],"wp:term":[{"taxonomy":"category","embeddable":true,"href":"https:\/\/zwischendrin.ch\/home\/stadtgestalten\/wp-json\/wp\/v2\/categories?post=72"},{"taxonomy":"post_tag","embeddable":true,"href":"https:\/\/zwischendrin.ch\/home\/stadtgestalten\/wp-json\/wp\/v2\/tags?post=72"}],"curies":[{"name":"wp","href":"https:\/\/api.w.org\/{rel}","templated":true}]}}