{"id":288,"date":"2010-12-06T19:29:54","date_gmt":"2010-12-06T17:29:54","guid":{"rendered":"http:\/\/zwischendrin.ch\/home\/?p=288"},"modified":"2014-02-17T11:25:27","modified_gmt":"2014-02-17T09:25:27","slug":"netzwerk-2","status":"publish","type":"post","link":"https:\/\/zwischendrin.ch\/home\/blog\/netzwerk-2\/","title":{"rendered":"Netzwerk"},"content":{"rendered":"<p><a title=\"http:\/\/blog.hslu.ch\/audienceplus\/\" href=\"http:\/\/blog.hslu.ch\/audienceplus\/\" target=\"_blank\">audience+<\/a>, Hochschule Luzern<\/p>\n<p><a title=\"http:\/\/www.barbarapulli.ch\/\" href=\"http:\/\/www.barbarapulli.ch\/\" target=\"_blank\">Barbara Pulli<\/a>, Ausstellungsgestaltung, St\u00e4fa<\/p>\n<p><a href=\"http:\/\/www.elementdesign.ch\" target=\"_blank\">element<\/a>, Szenografie, Basel<\/p>\n<p><a title=\"http:\/\/www.ethno-expo.ch\" href=\"http:\/\/www.ethno-expo.ch\" target=\"_blank\">Ethno-Expo GmbH<\/a>, Ausstellungsb\u00fcro, Z\u00fcrich<\/p>\n<p><a href=\"http:\/\/k-s-kunstvermittlung.ch\/\" target=\"_blank\">kasper&amp;spillmann<\/a>, Kunstvermittlung, Z\u00fcrich<\/p>\n<p><a href=\"http:\/\/www.kbfk.ch\/kontakt\/\" target=\"_blank\">K\u00f6nig,<\/a> B\u00fcro f\u00fcr Kunst, Z\u00fcrich<\/p>\n<p><a href=\"http:\/\/www.kultureval.ch\/\" target=\"_blank\">kultureval<\/a>, Kulturprojekte und Evaluationen, Z\u00fcrich<\/p>\n<p><a href=\"http:\/\/www.lerjentours.ch\/\" target=\"_blank\">lerjentours<\/a>, Agentur f\u00fcr Gehkultur, Z\u00fcrich<\/p>\n<p><a href=\"http:\/\/www.station21.ch\/\" target=\"_blank\">station21<\/a>, Kunstraum, Z\u00fcrich<\/p>\n<p><a title=\"mailto:gmuer.grafik@gmail.com?subject=\" href=\"mailto:gmuer.grafik@gmail.com?subject=\" target=\"_blank\">Susanne Gm\u00fcr<\/a>, Grafik, Luzern<\/p>\n","protected":false},"excerpt":{"rendered":"<p>audience+, Hochschule Luzern Barbara Pulli, Ausstellungsgestaltung, St\u00e4fa element, Szenografie, Basel Ethno-Expo GmbH, Ausstellungsb\u00fcro, Z\u00fcrich kasper&amp;spillmann, Kunstvermittlung, Z\u00fcrich K\u00f6nig, B\u00fcro f\u00fcr Kunst, Z\u00fcrich kultureval, Kulturprojekte und Evaluationen, Z\u00fcrich lerjentours, Agentur f\u00fcr Gehkultur, Z\u00fcrich station21, Kunstraum, Z\u00fcrich Susanne Gm\u00fcr, Grafik, Luzern<\/p>\n","protected":false},"author":2,"featured_media":0,"comment_status":"open","ping_status":"open","sticky":false,"template":"","format":"gallery","meta":{"footnotes":""},"categories":[5],"tags":[40,27,83,26],"_links":{"self":[{"href":"https:\/\/zwischendrin.ch\/home\/wp-json\/wp\/v2\/posts\/288"}],"collection":[{"href":"https:\/\/zwischendrin.ch\/home\/wp-json\/wp\/v2\/posts"}],"about":[{"href":"https:\/\/zwischendrin.ch\/home\/wp-json\/wp\/v2\/types\/post"}],"author":[{"embeddable":true,"href":"https:\/\/zwischendrin.ch\/home\/wp-json\/wp\/v2\/users\/2"}],"replies":[{"embeddable":true,"href":"https:\/\/zwischendrin.ch\/home\/wp-json\/wp\/v2\/comments?post=288"}],"version-history":[{"count":5,"href":"https:\/\/zwischendrin.ch\/home\/wp-json\/wp\/v2\/posts\/288\/revisions"}],"predecessor-version":[{"id":374,"href":"https:\/\/zwischendrin.ch\/home\/wp-json\/wp\/v2\/posts\/288\/revisions\/374"}],"wp:attachment":[{"href":"https:\/\/zwischendrin.ch\/home\/wp-json\/wp\/v2\/media?parent=288"}],"wp:term":[{"taxonomy":"category","embeddable":true,"href":"https:\/\/zwischendrin.ch\/home\/wp-json\/wp\/v2\/categories?post=288"},{"taxonomy":"post_tag","embeddable":true,"href":"https:\/\/zwischendrin.ch\/home\/wp-json\/wp\/v2\/tags?post=288"}],"curies":[{"name":"wp","href":"https:\/\/api.w.org\/{rel}","templated":true}]}}