{"id":611,"date":"2014-09-03T16:38:44","date_gmt":"2014-09-03T14:38:44","guid":{"rendered":"http:\/\/zwischendrin.ch\/home\/?p=611"},"modified":"2020-12-17T10:38:52","modified_gmt":"2020-12-17T08:38:52","slug":"voegele-kulturzentrum-pfaeffikon","status":"publish","type":"post","link":"https:\/\/zwischendrin.ch\/home\/blog\/voegele-kulturzentrum-pfaeffikon\/","title":{"rendered":"Workshops: V\u00f6gele Kulturzentrum"},"content":{"rendered":"<p>Coaching Gastf\u00fchrungen im <a href=\"http:\/\/www.voegelekultur.ch\/home\" target=\"_blank\" rel=\"noopener\">V\u00f6gele Kulturzentrum Pf\u00e4ffikon<\/a>, 2014<\/p>\n<p>Das V\u00f6gele Kulturzentrum in Pf\u00e4ffikon versteht sich als &#8222;Beobachtungsstation f\u00fcr Fragen unserer Zeit&#8220;. Unterschiedlichste Aspekte eines gesellschaftsrelevanten Themas werden anhand von Kunst, szenischen Installationen, Alltagsobjekten sowie medialen Beitr\u00e4gen in den Ausstellungen erl\u00e4utert. Ziel ist, den Besucher auf unterhaltsame Weise zu sensibilisieren, ihn zur Reflexion wie auch zur Diskussion anzuregen.<\/p>\n<p>&#8222;Sichtweise von aussen&#8220; ist ein Format, das von <a href=\"http:\/\/k-s-kunstvermittlung.ch\/\" target=\"_blank\" rel=\"noopener\">Kaspar&amp;Spillmann Kunstvermittlung<\/a> f\u00fcr das V\u00f6gele Kulturzentrum entwickelt wurde. In anregender Gespr\u00e4chsatmosph\u00e4re f\u00fchren Besucher mit unterschiedlichen Hintergr\u00fcnden und Wissensfeldern durch die aktuelle Ausstellung. Dabei werden pers\u00f6nlich bevorzugte Exponate vorgestellt und die eigene Sichtweise erl\u00e4utert. F\u00fcr die Ausstellung &#8222;Der helle Wahn&#8220; konnten mit Frau Marietta Wildhaber und Herrn Robert Rauschmeier zwei sehr engagierte und motivierte Gastf\u00fchrer gewonnen werden. Sie wurden von mir gezielt vorbereitet und haben am 31. August das &#8222;Zepter&#8220; \u00fcbernommen und die Besucher begeistert und charmant durch die Ausstellung gef\u00fchrt.<\/p>\n","protected":false},"excerpt":{"rendered":"<p>Coaching Gastf\u00fchrungen im V\u00f6gele Kulturzentrum Pf\u00e4ffikon, 2014 Das V\u00f6gele Kulturzentrum in Pf\u00e4ffikon versteht sich als &#8222;Beobachtungsstation f\u00fcr Fragen unserer Zeit&#8220;. Unterschiedlichste Aspekte eines gesellschaftsrelevanten Themas werden anhand von Kunst, szenischen Installationen, Alltagsobjekten sowie medialen Beitr\u00e4gen in den Ausstellungen erl\u00e4utert. Ziel ist, den Besucher auf unterhaltsame Weise zu sensibilisieren, ihn zur Reflexion wie auch zur Diskussion [&hellip;]<\/p>\n","protected":false},"author":2,"featured_media":612,"comment_status":"open","ping_status":"open","sticky":false,"template":"","format":"standard","meta":{"footnotes":""},"categories":[6],"tags":[61,74,73,72,84,71,75],"_links":{"self":[{"href":"https:\/\/zwischendrin.ch\/home\/wp-json\/wp\/v2\/posts\/611"}],"collection":[{"href":"https:\/\/zwischendrin.ch\/home\/wp-json\/wp\/v2\/posts"}],"about":[{"href":"https:\/\/zwischendrin.ch\/home\/wp-json\/wp\/v2\/types\/post"}],"author":[{"embeddable":true,"href":"https:\/\/zwischendrin.ch\/home\/wp-json\/wp\/v2\/users\/2"}],"replies":[{"embeddable":true,"href":"https:\/\/zwischendrin.ch\/home\/wp-json\/wp\/v2\/comments?post=611"}],"version-history":[{"count":3,"href":"https:\/\/zwischendrin.ch\/home\/wp-json\/wp\/v2\/posts\/611\/revisions"}],"predecessor-version":[{"id":922,"href":"https:\/\/zwischendrin.ch\/home\/wp-json\/wp\/v2\/posts\/611\/revisions\/922"}],"wp:featuredmedia":[{"embeddable":true,"href":"https:\/\/zwischendrin.ch\/home\/wp-json\/wp\/v2\/media\/612"}],"wp:attachment":[{"href":"https:\/\/zwischendrin.ch\/home\/wp-json\/wp\/v2\/media?parent=611"}],"wp:term":[{"taxonomy":"category","embeddable":true,"href":"https:\/\/zwischendrin.ch\/home\/wp-json\/wp\/v2\/categories?post=611"},{"taxonomy":"post_tag","embeddable":true,"href":"https:\/\/zwischendrin.ch\/home\/wp-json\/wp\/v2\/tags?post=611"}],"curies":[{"name":"wp","href":"https:\/\/api.w.org\/{rel}","templated":true}]}}