{"id":642,"date":"2015-03-27T13:05:01","date_gmt":"2015-03-27T11:05:01","guid":{"rendered":"http:\/\/zwischendrin.ch\/home\/?p=642"},"modified":"2021-10-25T17:09:37","modified_gmt":"2021-10-25T15:09:37","slug":"bildschulen-schweiz-basel","status":"publish","type":"post","link":"https:\/\/zwischendrin.ch\/home\/blog\/bildschulen-schweiz-basel\/","title":{"rendered":"Ausstellung: Bauplatz Kreativit\u00e4t"},"content":{"rendered":"<p><em>Kuration der Ausstellung der Bildschulen Schweiz, 2014\/2015<\/em><\/p>\n<p>Am 19. August 2015 er\u00f6ffnete im Ausstellungraum der Basler Plakatsammlung eine <a href=\"http:\/\/bildschulen.ch\/ausstellung\/\" target=\"_blank\" rel=\"noopener\">Ausstellung der Konferenz Bildschulen Schweiz<\/a> zur Idee, Praxis und gesellschaftlichen Relevanz der Bildschulen. Anlass f\u00fcr die Ausstellung war das zehnj\u00e4hrige Bestehen der K\u2019Werk Bildschule bis 16 Basel. Die Ausstellung wandert seitdem durch andere Orte der Schweiz \u2013 u. a. in Aarau, Z\u00fcrich, St. Gallen, Zug, Bern und Liestal.<\/p>\n<p>\u00dcbergeordnete Klammer f\u00fcr die Ausstellung ist das Thema Kreativit\u00e4t. Was bedeutet Kreativit\u00e4t eigentlich? Was wird im allgemeinen Sprachgebrauch darunter verstanden? K\u00f6nnen die gl\u00fccks- und erfolgsversprechenden Floskeln rund um den Begriff Kreativit\u00e4t eingel\u00f6st werden? Und was heisst es, im Bereich der gestalterischen Bildung von Kindern und Jugendlichen selbst \u201ekreativ\u201c zu sein, kreativit\u00e4tsf\u00f6rdernd zu handeln und gleichzeitig gestalterische Kenntnisse und Techniken zu vermitteln?<\/p>\n","protected":false},"excerpt":{"rendered":"<p>Kuration der Ausstellung der Bildschulen Schweiz, 2014\/2015 Am 19. August 2015 er\u00f6ffnete im Ausstellungraum der Basler Plakatsammlung eine Ausstellung der Konferenz Bildschulen Schweiz zur Idee, Praxis und gesellschaftlichen Relevanz der Bildschulen. Anlass f\u00fcr die Ausstellung war das zehnj\u00e4hrige Bestehen der K\u2019Werk Bildschule bis 16 Basel. Die Ausstellung wandert seitdem durch andere Orte der Schweiz \u2013 [&hellip;]<\/p>\n","protected":false},"author":2,"featured_media":720,"comment_status":"open","ping_status":"open","sticky":false,"template":"","format":"standard","meta":{"footnotes":""},"categories":[4],"tags":[61,78,82,76,77,79,84],"_links":{"self":[{"href":"https:\/\/zwischendrin.ch\/home\/wp-json\/wp\/v2\/posts\/642"}],"collection":[{"href":"https:\/\/zwischendrin.ch\/home\/wp-json\/wp\/v2\/posts"}],"about":[{"href":"https:\/\/zwischendrin.ch\/home\/wp-json\/wp\/v2\/types\/post"}],"author":[{"embeddable":true,"href":"https:\/\/zwischendrin.ch\/home\/wp-json\/wp\/v2\/users\/2"}],"replies":[{"embeddable":true,"href":"https:\/\/zwischendrin.ch\/home\/wp-json\/wp\/v2\/comments?post=642"}],"version-history":[{"count":6,"href":"https:\/\/zwischendrin.ch\/home\/wp-json\/wp\/v2\/posts\/642\/revisions"}],"predecessor-version":[{"id":921,"href":"https:\/\/zwischendrin.ch\/home\/wp-json\/wp\/v2\/posts\/642\/revisions\/921"}],"wp:featuredmedia":[{"embeddable":true,"href":"https:\/\/zwischendrin.ch\/home\/wp-json\/wp\/v2\/media\/720"}],"wp:attachment":[{"href":"https:\/\/zwischendrin.ch\/home\/wp-json\/wp\/v2\/media?parent=642"}],"wp:term":[{"taxonomy":"category","embeddable":true,"href":"https:\/\/zwischendrin.ch\/home\/wp-json\/wp\/v2\/categories?post=642"},{"taxonomy":"post_tag","embeddable":true,"href":"https:\/\/zwischendrin.ch\/home\/wp-json\/wp\/v2\/tags?post=642"}],"curies":[{"name":"wp","href":"https:\/\/api.w.org\/{rel}","templated":true}]}}