{"id":730,"date":"2017-07-05T13:16:40","date_gmt":"2017-07-05T11:16:40","guid":{"rendered":"http:\/\/zwischendrin.ch\/home\/?p=730"},"modified":"2024-11-26T22:14:05","modified_gmt":"2024-11-26T20:14:05","slug":"runder-tisch-museen-und-migration","status":"publish","type":"post","link":"https:\/\/zwischendrin.ch\/home\/blog\/runder-tisch-museen-und-migration\/","title":{"rendered":"Runder Tisch: Museen und Migration"},"content":{"rendered":"<p><em>Konzeption, Planung und Durchf\u00fchrung, M\u00e4rz 2017<br \/>\n<\/em><\/p>\n<p>Ende M\u00e4rz 2017 fand in Z\u00fcrich ein Runder Tisch zum Thema Migration und Museen statt. Vertreter_innen aus Museumsverb\u00e4nden, Migrationsvereinen und Hilfsorganisationen diskutierten \u00fcber bestehende, geplante und gew\u00fcnschte M\u00f6glichkeiten, wie Migrant_innen auf verschiedenen Ebenen in Museen und Ausstellungen teilhaben k\u00f6nnen.<\/p>\n<p>Der Runde Tisch wurde im Sinne eines partizipativen Prozesses von <a href=\"https:\/\/www.kultureval.ch\/\" target=\"_blank\" rel=\"noopener noreferrer\">Tina Wodiunig<\/a> und Bettina Riedrich geplant. Mit Exponenten der Museums- und der Migrationsseite wurde ausgelotet, ob und welche Bedu\u0308rfnisse nach einer engeren Zusammenarbeit zwischen Museen und Migrant_innen bestehen. Neben Austausch und Vernetzung diente der Runde Tisch dem Sichtbarmachen von konkreten Praxisbeispielen sowie dem Formulieren von Massnahmen, um Museen vermehrt als integrierende Orte zu positionieren, die soziale Verantwortung u\u0308bernehmen. Daru\u0308berhinaus wurden erste konkrete Ideen entwickelt, wie Menschen mit Migrationshintergrund der Zugang zu Museen auf unterschiedlichen Ebenen erleichtert werden kann. Fu\u0308r deren Weiterentwicklung und Finanzierung sind n\u00e4chste Schritte geplant.<\/p>\n<p>Downloads:<br \/>\n<a href=\"https:\/\/zwischendrin.ch\/home\/wp-content\/uploads\/2017\/07\/Runder-Tisch_Dokumentation_WEB.pdf\">Runder Tisch_Dokumentation_WEB<br \/>\n<\/a><a href=\"https:\/\/zwischendrin.ch\/home\/wp-content\/uploads\/2017\/07\/Round-Table_Documentation_WEB.pdf\">Round Table_Documentation_WEB<\/a><\/p>\n","protected":false},"excerpt":{"rendered":"<p>Ende M\u00e4rz 2017 fand in Z\u00fcrich ein Runder Tisch zum Thema Migration und Museen statt. Vertreter_innen aus Museumsverb\u00e4nden, Migrationsvereinen und Hilfsorganisationen diskutierten \u00fcber bestehende, geplante und gew\u00fcnschte M\u00f6glichkeiten, wie Migrant_innen auf verschiedenen Ebenen in Museen und Ausstellungen teilhaben k\u00f6nnen.<\/p>\n","protected":false},"author":2,"featured_media":731,"comment_status":"open","ping_status":"open","sticky":false,"template":"","format":"standard","meta":{"footnotes":""},"categories":[21],"tags":[113,114,112,90],"_links":{"self":[{"href":"https:\/\/zwischendrin.ch\/home\/wp-json\/wp\/v2\/posts\/730"}],"collection":[{"href":"https:\/\/zwischendrin.ch\/home\/wp-json\/wp\/v2\/posts"}],"about":[{"href":"https:\/\/zwischendrin.ch\/home\/wp-json\/wp\/v2\/types\/post"}],"author":[{"embeddable":true,"href":"https:\/\/zwischendrin.ch\/home\/wp-json\/wp\/v2\/users\/2"}],"replies":[{"embeddable":true,"href":"https:\/\/zwischendrin.ch\/home\/wp-json\/wp\/v2\/comments?post=730"}],"version-history":[{"count":6,"href":"https:\/\/zwischendrin.ch\/home\/wp-json\/wp\/v2\/posts\/730\/revisions"}],"predecessor-version":[{"id":911,"href":"https:\/\/zwischendrin.ch\/home\/wp-json\/wp\/v2\/posts\/730\/revisions\/911"}],"wp:featuredmedia":[{"embeddable":true,"href":"https:\/\/zwischendrin.ch\/home\/wp-json\/wp\/v2\/media\/731"}],"wp:attachment":[{"href":"https:\/\/zwischendrin.ch\/home\/wp-json\/wp\/v2\/media?parent=730"}],"wp:term":[{"taxonomy":"category","embeddable":true,"href":"https:\/\/zwischendrin.ch\/home\/wp-json\/wp\/v2\/categories?post=730"},{"taxonomy":"post_tag","embeddable":true,"href":"https:\/\/zwischendrin.ch\/home\/wp-json\/wp\/v2\/tags?post=730"}],"curies":[{"name":"wp","href":"https:\/\/api.w.org\/{rel}","templated":true}]}}