{"id":782,"date":"2019-03-12T13:59:26","date_gmt":"2019-03-12T11:59:26","guid":{"rendered":"http:\/\/zwischendrin.ch\/home\/?p=782"},"modified":"2020-12-17T10:31:21","modified_gmt":"2020-12-17T08:31:21","slug":"aus-der-praxis-zur-theorie-und-zurueck","status":"publish","type":"post","link":"https:\/\/zwischendrin.ch\/home\/blog\/aus-der-praxis-zur-theorie-und-zurueck\/","title":{"rendered":"Buchbeitrag: Aus der Praxis zur Theorie und zur\u00fcck"},"content":{"rendered":"\n<p><em>Redaktion und Textarbeit, 2018<\/em><\/p>\n\n\n\n<p>Die Bildschulen Schweiz setzen sich in Theorie und Praxis regelm\u00e4ssig mit kreativen Prozessen auseinander. Der Beitrag &#8222;Aus der Praxis zur Theorie und zur\u00fcck&#8220; f\u00fcr die Publikation <a href=\"http:\/\/www.kopaed.de\/kopaedshop\/?pid=1079\" target=\"_blank\" rel=\"noreferrer noopener\" aria-label=\"Kreativit\u00e4t im kunstp\u00e4dagogischen Diskurs (\u00f6ffnet in neuem Tab)\">Kreativit\u00e4t im kunstp\u00e4dagogischen Diskurs<\/a> des kopaed-Verlags l\u00f6ste einen weiteren Schritt in diesem Prozess aus und war intern somit weit mehr als <em>nur<\/em> ein Fachartikel.<\/p>\n","protected":false},"excerpt":{"rendered":"<p>Redaktion und Textarbeit, 2018 Die Bildschulen Schweiz setzen sich in Theorie und Praxis regelm\u00e4ssig mit kreativen Prozessen auseinander. Der Beitrag &#8222;Aus der Praxis zur Theorie und zur\u00fcck&#8220; f\u00fcr die Publikation Kreativit\u00e4t im kunstp\u00e4dagogischen Diskurs des kopaed-Verlags l\u00f6ste einen weiteren Schritt in diesem Prozess aus und war intern somit weit mehr als nur ein Fachartikel.<\/p>\n","protected":false},"author":2,"featured_media":783,"comment_status":"open","ping_status":"open","sticky":false,"template":"","format":"standard","meta":{"footnotes":""},"categories":[1,6],"tags":[116,76,120,122,121],"_links":{"self":[{"href":"https:\/\/zwischendrin.ch\/home\/wp-json\/wp\/v2\/posts\/782"}],"collection":[{"href":"https:\/\/zwischendrin.ch\/home\/wp-json\/wp\/v2\/posts"}],"about":[{"href":"https:\/\/zwischendrin.ch\/home\/wp-json\/wp\/v2\/types\/post"}],"author":[{"embeddable":true,"href":"https:\/\/zwischendrin.ch\/home\/wp-json\/wp\/v2\/users\/2"}],"replies":[{"embeddable":true,"href":"https:\/\/zwischendrin.ch\/home\/wp-json\/wp\/v2\/comments?post=782"}],"version-history":[{"count":4,"href":"https:\/\/zwischendrin.ch\/home\/wp-json\/wp\/v2\/posts\/782\/revisions"}],"predecessor-version":[{"id":910,"href":"https:\/\/zwischendrin.ch\/home\/wp-json\/wp\/v2\/posts\/782\/revisions\/910"}],"wp:featuredmedia":[{"embeddable":true,"href":"https:\/\/zwischendrin.ch\/home\/wp-json\/wp\/v2\/media\/783"}],"wp:attachment":[{"href":"https:\/\/zwischendrin.ch\/home\/wp-json\/wp\/v2\/media?parent=782"}],"wp:term":[{"taxonomy":"category","embeddable":true,"href":"https:\/\/zwischendrin.ch\/home\/wp-json\/wp\/v2\/categories?post=782"},{"taxonomy":"post_tag","embeddable":true,"href":"https:\/\/zwischendrin.ch\/home\/wp-json\/wp\/v2\/tags?post=782"}],"curies":[{"name":"wp","href":"https:\/\/api.w.org\/{rel}","templated":true}]}}